{"id":8414,"date":"2022-09-01T06:58:19","date_gmt":"2022-09-01T06:58:19","guid":{"rendered":"https:\/\/barbana.si\/najboljsi-rejci-2021-in-sodelovanje-na-jubilejnem-60-mednarodni-kmetijsko-zivilski-sejem-agra\/"},"modified":"2026-03-16T10:22:14","modified_gmt":"2026-03-16T10:22:14","slug":"najboljsi-rejci-2021-in-sodelovanje-na-jubilejnem-60-mednarodni-kmetijsko-zivilski-sejem-agra","status":"publish","type":"post","link":"https:\/\/barbana.si\/de\/najboljsi-rejci-2021-in-sodelovanje-na-jubilejnem-60-mednarodni-kmetijsko-zivilski-sejem-agra\/","title":{"rendered":"Auszeichnung der besten Z\u00fcchter 2021 auf der 60. internationalen Landwirtschafts- und Lebensmittelmesse AGRA"},"content":{"rendered":"<p>Die Agra Messe fand vom 20. bis 25. August 2022 statt und ist eine der f\u00fchrenden Veranstaltungen im Bereich der Land-, Forst- und Lebensmittelindustrie in Slowenien. W\u00e4hrend der mehrt\u00e4gigen Messe fanden verschiedenste Veranstaltungen statt, von Fach- und Werbeveranstaltungen, Festlichkeiten bis hin zu Gesch\u00e4ftstreffen und Tierausstellungen. Am Dienstag, dem Tag der Pferdez\u00fcchter, fand die Schau der autochthonen Pferderassen statt.<\/p>\n<p>Wir haben unser Gest\u00fct mit einem Zweisp\u00e4nner vertreten. Fahrer Janez Peternel und Beifahrer Miha Tav\u010dar zeigten die 4-j\u00e4hrige Stute 105 Thais und den 3-j\u00e4hrigen Wallach Conversano Barbana, beide aus eigener Zucht. An dieser Stelle soll nicht unerw\u00e4hnt bleiben, dass die Stute Thais 2021 das Championat in Topolcianky in der Slowakei gewonnen hat.<\/p>\n<p>Nach der Auff\u00fchrung \u00fcberreichte das slowenische \u201eMinisterium f\u00fcr Landwirtschaft, Forstwirtschaft und Ern\u00e4hrung\u201c Preise an die besten Z\u00fcchter. Die Auszeichnung f\u00fcr 2021 wurde an uns verliehen \u2013 Barbana Lipizzaner.<\/p>\n<p>Wir wurden als bester Z\u00fcchter nominiert, weil wir neben dem Championat 2021 in der Slowakei auch die j\u00e4hrliche Fohlenschau in Lipica 2021 gewonnen haben, mit dem besten m\u00e4nnlichen Fohlen Siglavy Barbana aus der 576 Barbana VII vom Lipica Deckhengst 363 Siglavy Samira XXII.<\/p>\n<div id='gallery-1' class='gallery galleryid-8414 gallery-columns-5 gallery-size-thumbnail'><figure class='gallery-item'>\n\t\t\t<div class='gallery-icon landscape'>\n\t\t\t\t<a href='https:\/\/barbana.si\/wp-content\/uploads\/2022\/09\/siglavy-barbana2-Kopija.jpg'><img width=\"150\" height=\"150\" src=\"https:\/\/barbana.si\/wp-content\/uploads\/2022\/09\/siglavy-barbana2-Kopija-150x150.jpg\" class=\"attachment-thumbnail size-thumbnail\" alt=\"\" srcset=\"https:\/\/barbana.si\/wp-content\/uploads\/2022\/09\/siglavy-barbana2-Kopija-150x150.jpg 150w, https:\/\/barbana.si\/wp-content\/uploads\/2022\/09\/siglavy-barbana2-Kopija-256x256.jpg 256w\" sizes=\"(max-width: 150px) 100vw, 150px\" \/><\/a>\n\t\t\t<\/div><\/figure><figure class='gallery-item'>\n\t\t\t<div class='gallery-icon landscape'>\n\t\t\t\t<a href='https:\/\/barbana.si\/wp-content\/uploads\/2022\/09\/agra-barbana-lipizzans-5.jpg'><img width=\"150\" height=\"150\" src=\"https:\/\/barbana.si\/wp-content\/uploads\/2022\/09\/agra-barbana-lipizzans-5-150x150.jpg\" class=\"attachment-thumbnail size-thumbnail\" alt=\"\" srcset=\"https:\/\/barbana.si\/wp-content\/uploads\/2022\/09\/agra-barbana-lipizzans-5-150x150.jpg 150w, https:\/\/barbana.si\/wp-content\/uploads\/2022\/09\/agra-barbana-lipizzans-5-256x256.jpg 256w\" sizes=\"(max-width: 150px) 100vw, 150px\" \/><\/a>\n\t\t\t<\/div><\/figure><figure class='gallery-item'>\n\t\t\t<div class='gallery-icon landscape'>\n\t\t\t\t<a href='https:\/\/barbana.si\/wp-content\/uploads\/2022\/09\/agra-barbana-lipizzans-4.jpg'><img width=\"150\" height=\"150\" src=\"https:\/\/barbana.si\/wp-content\/uploads\/2022\/09\/agra-barbana-lipizzans-4-150x150.jpg\" class=\"attachment-thumbnail size-thumbnail\" alt=\"\" srcset=\"https:\/\/barbana.si\/wp-content\/uploads\/2022\/09\/agra-barbana-lipizzans-4-150x150.jpg 150w, https:\/\/barbana.si\/wp-content\/uploads\/2022\/09\/agra-barbana-lipizzans-4-256x256.jpg 256w\" sizes=\"(max-width: 150px) 100vw, 150px\" \/><\/a>\n\t\t\t<\/div><\/figure><figure class='gallery-item'>\n\t\t\t<div class='gallery-icon portrait'>\n\t\t\t\t<a href='https:\/\/barbana.si\/wp-content\/uploads\/2022\/09\/agra-barbana-lipizzans-4-2.jpg'><img loading=\"lazy\" width=\"150\" height=\"150\" src=\"https:\/\/barbana.si\/wp-content\/uploads\/2022\/09\/agra-barbana-lipizzans-4-2-150x150.jpg\" class=\"attachment-thumbnail size-thumbnail\" alt=\"\" srcset=\"https:\/\/barbana.si\/wp-content\/uploads\/2022\/09\/agra-barbana-lipizzans-4-2-150x150.jpg 150w, https:\/\/barbana.si\/wp-content\/uploads\/2022\/09\/agra-barbana-lipizzans-4-2-256x256.jpg 256w\" sizes=\"(max-width: 150px) 100vw, 150px\" \/><\/a>\n\t\t\t<\/div><\/figure><figure class='gallery-item'>\n\t\t\t<div class='gallery-icon landscape'>\n\t\t\t\t<a href='https:\/\/barbana.si\/wp-content\/uploads\/2022\/09\/agra-barbana-lipizzans-3.jpg'><img loading=\"lazy\" width=\"150\" height=\"150\" src=\"https:\/\/barbana.si\/wp-content\/uploads\/2022\/09\/agra-barbana-lipizzans-3-150x150.jpg\" class=\"attachment-thumbnail size-thumbnail\" alt=\"\" srcset=\"https:\/\/barbana.si\/wp-content\/uploads\/2022\/09\/agra-barbana-lipizzans-3-150x150.jpg 150w, https:\/\/barbana.si\/wp-content\/uploads\/2022\/09\/agra-barbana-lipizzans-3-256x256.jpg 256w\" sizes=\"(max-width: 150px) 100vw, 150px\" \/><\/a>\n\t\t\t<\/div><\/figure><figure class='gallery-item'>\n\t\t\t<div class='gallery-icon landscape'>\n\t\t\t\t<a href='https:\/\/barbana.si\/wp-content\/uploads\/2022\/09\/agra-barbana-lipizzans-3-1.jpg'><img loading=\"lazy\" width=\"150\" height=\"150\" src=\"https:\/\/barbana.si\/wp-content\/uploads\/2022\/09\/agra-barbana-lipizzans-3-1-150x150.jpg\" class=\"attachment-thumbnail size-thumbnail\" alt=\"\" srcset=\"https:\/\/barbana.si\/wp-content\/uploads\/2022\/09\/agra-barbana-lipizzans-3-1-150x150.jpg 150w, https:\/\/barbana.si\/wp-content\/uploads\/2022\/09\/agra-barbana-lipizzans-3-1-256x256.jpg 256w\" sizes=\"(max-width: 150px) 100vw, 150px\" \/><\/a>\n\t\t\t<\/div><\/figure><figure class='gallery-item'>\n\t\t\t<div class='gallery-icon landscape'>\n\t\t\t\t<a href='https:\/\/barbana.si\/wp-content\/uploads\/2022\/09\/agra-barbana-lipizzans-2.jpg'><img loading=\"lazy\" width=\"150\" height=\"150\" src=\"https:\/\/barbana.si\/wp-content\/uploads\/2022\/09\/agra-barbana-lipizzans-2-150x150.jpg\" class=\"attachment-thumbnail size-thumbnail\" alt=\"\" srcset=\"https:\/\/barbana.si\/wp-content\/uploads\/2022\/09\/agra-barbana-lipizzans-2-150x150.jpg 150w, https:\/\/barbana.si\/wp-content\/uploads\/2022\/09\/agra-barbana-lipizzans-2-256x256.jpg 256w\" sizes=\"(max-width: 150px) 100vw, 150px\" \/><\/a>\n\t\t\t<\/div><\/figure><figure class='gallery-item'>\n\t\t\t<div class='gallery-icon landscape'>\n\t\t\t\t<a href='https:\/\/barbana.si\/wp-content\/uploads\/2022\/09\/agra-barbana-lipizzans-2-4.jpg'><img loading=\"lazy\" width=\"150\" height=\"150\" src=\"https:\/\/barbana.si\/wp-content\/uploads\/2022\/09\/agra-barbana-lipizzans-2-4-150x150.jpg\" class=\"attachment-thumbnail size-thumbnail\" alt=\"\" srcset=\"https:\/\/barbana.si\/wp-content\/uploads\/2022\/09\/agra-barbana-lipizzans-2-4-150x150.jpg 150w, https:\/\/barbana.si\/wp-content\/uploads\/2022\/09\/agra-barbana-lipizzans-2-4-256x256.jpg 256w\" sizes=\"(max-width: 150px) 100vw, 150px\" \/><\/a>\n\t\t\t<\/div><\/figure><figure class='gallery-item'>\n\t\t\t<div class='gallery-icon landscape'>\n\t\t\t\t<a href='https:\/\/barbana.si\/wp-content\/uploads\/2022\/09\/agra-barbana-lipizzans-1.jpg'><img loading=\"lazy\" width=\"150\" height=\"150\" src=\"https:\/\/barbana.si\/wp-content\/uploads\/2022\/09\/agra-barbana-lipizzans-1-150x150.jpg\" class=\"attachment-thumbnail size-thumbnail\" alt=\"\" srcset=\"https:\/\/barbana.si\/wp-content\/uploads\/2022\/09\/agra-barbana-lipizzans-1-150x150.jpg 150w, https:\/\/barbana.si\/wp-content\/uploads\/2022\/09\/agra-barbana-lipizzans-1-256x256.jpg 256w\" sizes=\"(max-width: 150px) 100vw, 150px\" \/><\/a>\n\t\t\t<\/div><\/figure><figure class='gallery-item'>\n\t\t\t<div class='gallery-icon landscape'>\n\t\t\t\t<a href='https:\/\/barbana.si\/wp-content\/uploads\/2022\/09\/agra-barbana-lipizzans-1-3.jpg'><img loading=\"lazy\" width=\"150\" height=\"150\" src=\"https:\/\/barbana.si\/wp-content\/uploads\/2022\/09\/agra-barbana-lipizzans-1-3-150x150.jpg\" class=\"attachment-thumbnail size-thumbnail\" alt=\"\" srcset=\"https:\/\/barbana.si\/wp-content\/uploads\/2022\/09\/agra-barbana-lipizzans-1-3-150x150.jpg 150w, https:\/\/barbana.si\/wp-content\/uploads\/2022\/09\/agra-barbana-lipizzans-1-3-256x256.jpg 256w\" sizes=\"(max-width: 150px) 100vw, 150px\" \/><\/a>\n\t\t\t<\/div><\/figure>\n\t\t<\/div>\n\n","protected":false},"excerpt":{"rendered":"<p>Die Agra Messe fand vom 20. bis 25. August 2022 statt und ist eine der f\u00fchrenden Veranstaltungen im Bereich der&#8230;<\/p>\n","protected":false},"author":1,"featured_media":32557,"comment_status":"closed","ping_status":"closed","sticky":false,"template":"single-fullwidth.php","format":"standard","meta":{"footnotes":""},"categories":[44],"tags":[],"class_list":{"0":"post-8414","1":"post","2":"type-post","3":"status-publish","4":"format-standard","5":"has-post-thumbnail","7":"category-neuigkeiten"},"yoast_head":"<!-- This site is optimized with the Yoast SEO plugin v27.1.1 - https:\/\/yoast.com\/product\/yoast-seo-wordpress\/ -->\n<title>Auszeichnung der besten Z\u00fcchter 2021 auf der 60. internationalen Landwirtschafts- und Lebensmittelmesse AGRA - Barbana<\/title>\n<meta name=\"robots\" content=\"index, follow, max-snippet:-1, max-image-preview:large, max-video-preview:-1\" \/>\n<link rel=\"canonical\" href=\"https:\/\/barbana.si\/de\/najboljsi-rejci-2021-in-sodelovanje-na-jubilejnem-60-mednarodni-kmetijsko-zivilski-sejem-agra\/\" \/>\n<meta property=\"og:locale\" content=\"de_DE\" \/>\n<meta property=\"og:type\" content=\"article\" \/>\n<meta property=\"og:title\" content=\"Auszeichnung der besten Z\u00fcchter 2021 auf der 60. internationalen Landwirtschafts- und Lebensmittelmesse AGRA - Barbana\" \/>\n<meta property=\"og:description\" content=\"Die Agra Messe fand vom 20. bis 25. August 2022 statt und ist eine der f\u00fchrenden Veranstaltungen im Bereich der...\" \/>\n<meta property=\"og:url\" content=\"https:\/\/barbana.si\/de\/najboljsi-rejci-2021-in-sodelovanje-na-jubilejnem-60-mednarodni-kmetijsko-zivilski-sejem-agra\/\" \/>\n<meta property=\"og:site_name\" content=\"Barbana\" \/>\n<meta property=\"article:publisher\" content=\"https:\/\/www.facebook.com\/lipizzanerbarbana.slovenija\" \/>\n<meta property=\"article:published_time\" content=\"2022-09-01T06:58:19+00:00\" \/>\n<meta property=\"article:modified_time\" content=\"2026-03-16T10:22:14+00:00\" \/>\n<meta property=\"og:image\" content=\"https:\/\/barbana.si\/wp-content\/uploads\/2022\/09\/agra-barbana-lipizzans-5.jpg\" \/>\n\t<meta property=\"og:image:width\" content=\"1024\" \/>\n\t<meta property=\"og:image:height\" content=\"683\" \/>\n\t<meta property=\"og:image:type\" content=\"image\/jpeg\" \/>\n<meta name=\"author\" content=\"admin\" \/>\n<meta name=\"twitter:card\" content=\"summary_large_image\" \/>\n<meta name=\"twitter:label1\" content=\"Verfasst von\" \/>\n\t<meta name=\"twitter:data1\" content=\"admin\" \/>\n\t<meta name=\"twitter:label2\" content=\"Gesch\u00e4tzte Lesezeit\" \/>\n\t<meta name=\"twitter:data2\" content=\"1\u00a0Minute\" \/>\n<script type=\"application\/ld+json\" class=\"yoast-schema-graph\">{\"@context\":\"https:\/\/schema.org\",\"@graph\":[{\"@type\":\"Article\",\"@id\":\"https:\/\/barbana.si\/de\/najboljsi-rejci-2021-in-sodelovanje-na-jubilejnem-60-mednarodni-kmetijsko-zivilski-sejem-agra\/#article\",\"isPartOf\":{\"@id\":\"https:\/\/barbana.si\/de\/najboljsi-rejci-2021-in-sodelovanje-na-jubilejnem-60-mednarodni-kmetijsko-zivilski-sejem-agra\/\"},\"author\":{\"name\":\"admin\",\"@id\":\"https:\/\/barbana.si\/de\/#\/schema\/person\/b54b2970ac1d63c999c0149813ec2a8c\"},\"headline\":\"Auszeichnung der besten Z\u00fcchter 2021 auf der 60. internationalen Landwirtschafts- und Lebensmittelmesse AGRA\",\"datePublished\":\"2022-09-01T06:58:19+00:00\",\"dateModified\":\"2026-03-16T10:22:14+00:00\",\"mainEntityOfPage\":{\"@id\":\"https:\/\/barbana.si\/de\/najboljsi-rejci-2021-in-sodelovanje-na-jubilejnem-60-mednarodni-kmetijsko-zivilski-sejem-agra\/\"},\"wordCount\":206,\"publisher\":{\"@id\":\"https:\/\/barbana.si\/de\/#organization\"},\"image\":{\"@id\":\"https:\/\/barbana.si\/de\/najboljsi-rejci-2021-in-sodelovanje-na-jubilejnem-60-mednarodni-kmetijsko-zivilski-sejem-agra\/#primaryimage\"},\"thumbnailUrl\":\"https:\/\/barbana.si\/wp-content\/uploads\/2022\/09\/agra-barbana-lipizzans-5.jpg\",\"articleSection\":[\"Neuigkeiten\"],\"inLanguage\":\"de\"},{\"@type\":\"WebPage\",\"@id\":\"https:\/\/barbana.si\/de\/najboljsi-rejci-2021-in-sodelovanje-na-jubilejnem-60-mednarodni-kmetijsko-zivilski-sejem-agra\/\",\"url\":\"https:\/\/barbana.si\/de\/najboljsi-rejci-2021-in-sodelovanje-na-jubilejnem-60-mednarodni-kmetijsko-zivilski-sejem-agra\/\",\"name\":\"Auszeichnung der besten Z\u00fcchter 2021 auf der 60. internationalen Landwirtschafts- und Lebensmittelmesse AGRA - Barbana\",\"isPartOf\":{\"@id\":\"https:\/\/barbana.si\/de\/#website\"},\"primaryImageOfPage\":{\"@id\":\"https:\/\/barbana.si\/de\/najboljsi-rejci-2021-in-sodelovanje-na-jubilejnem-60-mednarodni-kmetijsko-zivilski-sejem-agra\/#primaryimage\"},\"image\":{\"@id\":\"https:\/\/barbana.si\/de\/najboljsi-rejci-2021-in-sodelovanje-na-jubilejnem-60-mednarodni-kmetijsko-zivilski-sejem-agra\/#primaryimage\"},\"thumbnailUrl\":\"https:\/\/barbana.si\/wp-content\/uploads\/2022\/09\/agra-barbana-lipizzans-5.jpg\",\"datePublished\":\"2022-09-01T06:58:19+00:00\",\"dateModified\":\"2026-03-16T10:22:14+00:00\",\"breadcrumb\":{\"@id\":\"https:\/\/barbana.si\/de\/najboljsi-rejci-2021-in-sodelovanje-na-jubilejnem-60-mednarodni-kmetijsko-zivilski-sejem-agra\/#breadcrumb\"},\"inLanguage\":\"de\",\"potentialAction\":[{\"@type\":\"ReadAction\",\"target\":[\"https:\/\/barbana.si\/de\/najboljsi-rejci-2021-in-sodelovanje-na-jubilejnem-60-mednarodni-kmetijsko-zivilski-sejem-agra\/\"]}]},{\"@type\":\"ImageObject\",\"inLanguage\":\"de\",\"@id\":\"https:\/\/barbana.si\/de\/najboljsi-rejci-2021-in-sodelovanje-na-jubilejnem-60-mednarodni-kmetijsko-zivilski-sejem-agra\/#primaryimage\",\"url\":\"https:\/\/barbana.si\/wp-content\/uploads\/2022\/09\/agra-barbana-lipizzans-5.jpg\",\"contentUrl\":\"https:\/\/barbana.si\/wp-content\/uploads\/2022\/09\/agra-barbana-lipizzans-5.jpg\",\"width\":1024,\"height\":683},{\"@type\":\"BreadcrumbList\",\"@id\":\"https:\/\/barbana.si\/de\/najboljsi-rejci-2021-in-sodelovanje-na-jubilejnem-60-mednarodni-kmetijsko-zivilski-sejem-agra\/#breadcrumb\",\"itemListElement\":[{\"@type\":\"ListItem\",\"position\":1,\"name\":\"Home\",\"item\":\"https:\/\/barbana.si\/de\/\"},{\"@type\":\"ListItem\",\"position\":2,\"name\":\"Auszeichnung der besten Z\u00fcchter 2021 auf der 60. internationalen Landwirtschafts- und Lebensmittelmesse AGRA\"}]},{\"@type\":\"WebSite\",\"@id\":\"https:\/\/barbana.si\/de\/#website\",\"url\":\"https:\/\/barbana.si\/de\/\",\"name\":\"Barbana vzrejna hi\u0161a lipicancev\",\"description\":\"Vzrejna hi\u0161a Lipicancev\",\"publisher\":{\"@id\":\"https:\/\/barbana.si\/de\/#organization\"},\"potentialAction\":[{\"@type\":\"SearchAction\",\"target\":{\"@type\":\"EntryPoint\",\"urlTemplate\":\"https:\/\/barbana.si\/de\/?s={search_term_string}\"},\"query-input\":{\"@type\":\"PropertyValueSpecification\",\"valueRequired\":true,\"valueName\":\"search_term_string\"}}],\"inLanguage\":\"de\"},{\"@type\":\"Organization\",\"@id\":\"https:\/\/barbana.si\/de\/#organization\",\"name\":\"Barbana\",\"url\":\"https:\/\/barbana.si\/de\/\",\"logo\":{\"@type\":\"ImageObject\",\"inLanguage\":\"de\",\"@id\":\"https:\/\/barbana.si\/de\/#\/schema\/logo\/image\/\",\"url\":\"https:\/\/barbana.si\/wp-content\/uploads\/2026\/01\/barbana_logo.png\",\"contentUrl\":\"https:\/\/barbana.si\/wp-content\/uploads\/2026\/01\/barbana_logo.png\",\"width\":429,\"height\":167,\"caption\":\"Barbana\"},\"image\":{\"@id\":\"https:\/\/barbana.si\/de\/#\/schema\/logo\/image\/\"},\"sameAs\":[\"https:\/\/www.facebook.com\/lipizzanerbarbana.slovenija\"]},{\"@type\":\"Person\",\"@id\":\"https:\/\/barbana.si\/de\/#\/schema\/person\/b54b2970ac1d63c999c0149813ec2a8c\",\"name\":\"admin\",\"image\":{\"@type\":\"ImageObject\",\"inLanguage\":\"de\",\"@id\":\"https:\/\/barbana.si\/de\/#\/schema\/person\/image\/\",\"url\":\"https:\/\/barbana.si\/wp-content\/litespeed\/avatar\/7917cfe676afa45def1618b8a11a79bc.jpg?ver=1777364522\",\"contentUrl\":\"https:\/\/barbana.si\/wp-content\/litespeed\/avatar\/7917cfe676afa45def1618b8a11a79bc.jpg?ver=1777364522\",\"caption\":\"admin\"},\"sameAs\":[\"https:\/\/barbana.si\/new\"],\"url\":\"https:\/\/barbana.si\/de\/author\/admin\/\"}]}<\/script>\n<!-- \/ Yoast SEO plugin. -->","yoast_head_json":{"title":"Auszeichnung der besten Z\u00fcchter 2021 auf der 60. internationalen Landwirtschafts- und Lebensmittelmesse AGRA - Barbana","robots":{"index":"index","follow":"follow","max-snippet":"max-snippet:-1","max-image-preview":"max-image-preview:large","max-video-preview":"max-video-preview:-1"},"canonical":"https:\/\/barbana.si\/de\/najboljsi-rejci-2021-in-sodelovanje-na-jubilejnem-60-mednarodni-kmetijsko-zivilski-sejem-agra\/","og_locale":"de_DE","og_type":"article","og_title":"Auszeichnung der besten Z\u00fcchter 2021 auf der 60. internationalen Landwirtschafts- und Lebensmittelmesse AGRA - Barbana","og_description":"Die Agra Messe fand vom 20. bis 25. August 2022 statt und ist eine der f\u00fchrenden Veranstaltungen im Bereich der...","og_url":"https:\/\/barbana.si\/de\/najboljsi-rejci-2021-in-sodelovanje-na-jubilejnem-60-mednarodni-kmetijsko-zivilski-sejem-agra\/","og_site_name":"Barbana","article_publisher":"https:\/\/www.facebook.com\/lipizzanerbarbana.slovenija","article_published_time":"2022-09-01T06:58:19+00:00","article_modified_time":"2026-03-16T10:22:14+00:00","og_image":[{"width":1024,"height":683,"url":"https:\/\/barbana.si\/wp-content\/uploads\/2022\/09\/agra-barbana-lipizzans-5.jpg","type":"image\/jpeg"}],"author":"admin","twitter_card":"summary_large_image","twitter_misc":{"Verfasst von":"admin","Gesch\u00e4tzte Lesezeit":"1\u00a0Minute"},"schema":{"@context":"https:\/\/schema.org","@graph":[{"@type":"Article","@id":"https:\/\/barbana.si\/de\/najboljsi-rejci-2021-in-sodelovanje-na-jubilejnem-60-mednarodni-kmetijsko-zivilski-sejem-agra\/#article","isPartOf":{"@id":"https:\/\/barbana.si\/de\/najboljsi-rejci-2021-in-sodelovanje-na-jubilejnem-60-mednarodni-kmetijsko-zivilski-sejem-agra\/"},"author":{"name":"admin","@id":"https:\/\/barbana.si\/de\/#\/schema\/person\/b54b2970ac1d63c999c0149813ec2a8c"},"headline":"Auszeichnung der besten Z\u00fcchter 2021 auf der 60. internationalen Landwirtschafts- und Lebensmittelmesse AGRA","datePublished":"2022-09-01T06:58:19+00:00","dateModified":"2026-03-16T10:22:14+00:00","mainEntityOfPage":{"@id":"https:\/\/barbana.si\/de\/najboljsi-rejci-2021-in-sodelovanje-na-jubilejnem-60-mednarodni-kmetijsko-zivilski-sejem-agra\/"},"wordCount":206,"publisher":{"@id":"https:\/\/barbana.si\/de\/#organization"},"image":{"@id":"https:\/\/barbana.si\/de\/najboljsi-rejci-2021-in-sodelovanje-na-jubilejnem-60-mednarodni-kmetijsko-zivilski-sejem-agra\/#primaryimage"},"thumbnailUrl":"https:\/\/barbana.si\/wp-content\/uploads\/2022\/09\/agra-barbana-lipizzans-5.jpg","articleSection":["Neuigkeiten"],"inLanguage":"de"},{"@type":"WebPage","@id":"https:\/\/barbana.si\/de\/najboljsi-rejci-2021-in-sodelovanje-na-jubilejnem-60-mednarodni-kmetijsko-zivilski-sejem-agra\/","url":"https:\/\/barbana.si\/de\/najboljsi-rejci-2021-in-sodelovanje-na-jubilejnem-60-mednarodni-kmetijsko-zivilski-sejem-agra\/","name":"Auszeichnung der besten Z\u00fcchter 2021 auf der 60. internationalen Landwirtschafts- und Lebensmittelmesse AGRA - Barbana","isPartOf":{"@id":"https:\/\/barbana.si\/de\/#website"},"primaryImageOfPage":{"@id":"https:\/\/barbana.si\/de\/najboljsi-rejci-2021-in-sodelovanje-na-jubilejnem-60-mednarodni-kmetijsko-zivilski-sejem-agra\/#primaryimage"},"image":{"@id":"https:\/\/barbana.si\/de\/najboljsi-rejci-2021-in-sodelovanje-na-jubilejnem-60-mednarodni-kmetijsko-zivilski-sejem-agra\/#primaryimage"},"thumbnailUrl":"https:\/\/barbana.si\/wp-content\/uploads\/2022\/09\/agra-barbana-lipizzans-5.jpg","datePublished":"2022-09-01T06:58:19+00:00","dateModified":"2026-03-16T10:22:14+00:00","breadcrumb":{"@id":"https:\/\/barbana.si\/de\/najboljsi-rejci-2021-in-sodelovanje-na-jubilejnem-60-mednarodni-kmetijsko-zivilski-sejem-agra\/#breadcrumb"},"inLanguage":"de","potentialAction":[{"@type":"ReadAction","target":["https:\/\/barbana.si\/de\/najboljsi-rejci-2021-in-sodelovanje-na-jubilejnem-60-mednarodni-kmetijsko-zivilski-sejem-agra\/"]}]},{"@type":"ImageObject","inLanguage":"de","@id":"https:\/\/barbana.si\/de\/najboljsi-rejci-2021-in-sodelovanje-na-jubilejnem-60-mednarodni-kmetijsko-zivilski-sejem-agra\/#primaryimage","url":"https:\/\/barbana.si\/wp-content\/uploads\/2022\/09\/agra-barbana-lipizzans-5.jpg","contentUrl":"https:\/\/barbana.si\/wp-content\/uploads\/2022\/09\/agra-barbana-lipizzans-5.jpg","width":1024,"height":683},{"@type":"BreadcrumbList","@id":"https:\/\/barbana.si\/de\/najboljsi-rejci-2021-in-sodelovanje-na-jubilejnem-60-mednarodni-kmetijsko-zivilski-sejem-agra\/#breadcrumb","itemListElement":[{"@type":"ListItem","position":1,"name":"Home","item":"https:\/\/barbana.si\/de\/"},{"@type":"ListItem","position":2,"name":"Auszeichnung der besten Z\u00fcchter 2021 auf der 60. internationalen Landwirtschafts- und Lebensmittelmesse AGRA"}]},{"@type":"WebSite","@id":"https:\/\/barbana.si\/de\/#website","url":"https:\/\/barbana.si\/de\/","name":"Barbana vzrejna hi\u0161a lipicancev","description":"Vzrejna hi\u0161a Lipicancev","publisher":{"@id":"https:\/\/barbana.si\/de\/#organization"},"potentialAction":[{"@type":"SearchAction","target":{"@type":"EntryPoint","urlTemplate":"https:\/\/barbana.si\/de\/?s={search_term_string}"},"query-input":{"@type":"PropertyValueSpecification","valueRequired":true,"valueName":"search_term_string"}}],"inLanguage":"de"},{"@type":"Organization","@id":"https:\/\/barbana.si\/de\/#organization","name":"Barbana","url":"https:\/\/barbana.si\/de\/","logo":{"@type":"ImageObject","inLanguage":"de","@id":"https:\/\/barbana.si\/de\/#\/schema\/logo\/image\/","url":"https:\/\/barbana.si\/wp-content\/uploads\/2026\/01\/barbana_logo.png","contentUrl":"https:\/\/barbana.si\/wp-content\/uploads\/2026\/01\/barbana_logo.png","width":429,"height":167,"caption":"Barbana"},"image":{"@id":"https:\/\/barbana.si\/de\/#\/schema\/logo\/image\/"},"sameAs":["https:\/\/www.facebook.com\/lipizzanerbarbana.slovenija"]},{"@type":"Person","@id":"https:\/\/barbana.si\/de\/#\/schema\/person\/b54b2970ac1d63c999c0149813ec2a8c","name":"admin","image":{"@type":"ImageObject","inLanguage":"de","@id":"https:\/\/barbana.si\/de\/#\/schema\/person\/image\/","url":"https:\/\/barbana.si\/wp-content\/litespeed\/avatar\/7917cfe676afa45def1618b8a11a79bc.jpg?ver=1777364522","contentUrl":"https:\/\/barbana.si\/wp-content\/litespeed\/avatar\/7917cfe676afa45def1618b8a11a79bc.jpg?ver=1777364522","caption":"admin"},"sameAs":["https:\/\/barbana.si\/new"],"url":"https:\/\/barbana.si\/de\/author\/admin\/"}]}},"menu_order":0,"_links":{"self":[{"href":"https:\/\/barbana.si\/de\/wp-json\/wp\/v2\/posts\/8414","targetHints":{"allow":["GET"]}}],"collection":[{"href":"https:\/\/barbana.si\/de\/wp-json\/wp\/v2\/posts"}],"about":[{"href":"https:\/\/barbana.si\/de\/wp-json\/wp\/v2\/types\/post"}],"author":[{"embeddable":true,"href":"https:\/\/barbana.si\/de\/wp-json\/wp\/v2\/users\/1"}],"replies":[{"embeddable":true,"href":"https:\/\/barbana.si\/de\/wp-json\/wp\/v2\/comments?post=8414"}],"version-history":[{"count":0,"href":"https:\/\/barbana.si\/de\/wp-json\/wp\/v2\/posts\/8414\/revisions"}],"wp:featuredmedia":[{"embeddable":true,"href":"https:\/\/barbana.si\/de\/wp-json\/wp\/v2\/media\/32557"}],"wp:attachment":[{"href":"https:\/\/barbana.si\/de\/wp-json\/wp\/v2\/media?parent=8414"}],"wp:term":[{"taxonomy":"category","embeddable":true,"href":"https:\/\/barbana.si\/de\/wp-json\/wp\/v2\/categories?post=8414"},{"taxonomy":"post_tag","embeddable":true,"href":"https:\/\/barbana.si\/de\/wp-json\/wp\/v2\/tags?post=8414"}],"curies":[{"name":"wp","href":"https:\/\/api.w.org\/{rel}","templated":true}]}}