{"id":3568,"date":"2015-10-31T10:56:53","date_gmt":"2015-10-31T10:56:53","guid":{"rendered":"http:\/.si\/preiskus-delovne-sposobnosti-kobil\/"},"modified":"2026-03-16T10:56:55","modified_gmt":"2026-03-16T10:56:55","slug":"leistungspruefung-der-stuten","status":"publish","type":"post","link":"https:\/\/barbana.si\/de\/leistungspruefung-der-stuten\/","title":{"rendered":"Leistungspr\u00fcfung der Stuten"},"content":{"rendered":"<p>Am Sonntag wurden im Gest\u00fct Lipica Jungstuten f\u00fcr die Registrierung ins Lipizzaner-Stammbuch bewertet und ausgemustert. Ebenso wurde die Leistungspr\u00fcfung durchgef\u00fchrt.<br \/>\nWir haben dazu die Stute 664 Slavina VII, geboren am 11.4.2008, angemeldet. Nach erfolgreich abgeschlossener Leistungspr\u00fcfung und weiteren Bewertungen wurde sie ins Stammbuch eingetragen und erhielt somit den Titel der Zuchtstute.<\/p>\n<div id='gallery-1' class='gallery galleryid-3568 gallery-columns-3 gallery-size-medium'><figure class='gallery-item'>\n\t\t\t<div class='gallery-icon landscape'>\n\t\t\t\t<a href='https:\/\/barbana.si\/wp-content\/uploads\/2018\/04\/slavina-2008-2.jpg'><img fetchpriority=\"high\" width=\"300\" height=\"288\" src=\"https:\/\/barbana.si\/wp-content\/uploads\/2018\/04\/slavina-2008-2-300x288.jpg\" class=\"attachment-medium size-medium\" alt=\"\" srcset=\"https:\/\/barbana.si\/wp-content\/uploads\/2018\/04\/slavina-2008-2-300x288.jpg 300w, https:\/\/barbana.si\/wp-content\/uploads\/2018\/04\/slavina-2008-2.jpg 624w\" sizes=\"(max-width: 300px) 100vw, 300px\" \/><\/a>\n\t\t\t<\/div><\/figure><figure class='gallery-item'>\n\t\t\t<div class='gallery-icon landscape'>\n\t\t\t\t<a href='https:\/\/barbana.si\/wp-content\/uploads\/2018\/04\/slavina-2008-3.jpg'><img width=\"300\" height=\"215\" src=\"https:\/\/barbana.si\/wp-content\/uploads\/2018\/04\/slavina-2008-3-300x215.jpg\" class=\"attachment-medium size-medium\" alt=\"\" srcset=\"https:\/\/barbana.si\/wp-content\/uploads\/2018\/04\/slavina-2008-3-300x215.jpg 300w, https:\/\/barbana.si\/wp-content\/uploads\/2018\/04\/slavina-2008-3-768x549.jpg 768w, https:\/\/barbana.si\/wp-content\/uploads\/2018\/04\/slavina-2008-3.jpg 800w\" sizes=\"(max-width: 300px) 100vw, 300px\" \/><\/a>\n\t\t\t<\/div><\/figure><figure class='gallery-item'>\n\t\t\t<div class='gallery-icon landscape'>\n\t\t\t\t<a href='https:\/\/barbana.si\/wp-content\/uploads\/2018\/04\/slavina-2008-4.jpg'><img width=\"300\" height=\"205\" src=\"https:\/\/barbana.si\/wp-content\/uploads\/2018\/04\/slavina-2008-4-300x205.jpg\" class=\"attachment-medium size-medium\" alt=\"\" srcset=\"https:\/\/barbana.si\/wp-content\/uploads\/2018\/04\/slavina-2008-4-300x205.jpg 300w, https:\/\/barbana.si\/wp-content\/uploads\/2018\/04\/slavina-2008-4-768x524.jpg 768w, https:\/\/barbana.si\/wp-content\/uploads\/2018\/04\/slavina-2008-4.jpg 800w\" sizes=\"(max-width: 300px) 100vw, 300px\" \/><\/a>\n\t\t\t<\/div><\/figure><figure class='gallery-item'>\n\t\t\t<div class='gallery-icon landscape'>\n\t\t\t\t<a href='https:\/\/barbana.si\/wp-content\/uploads\/2018\/04\/slavina-2008-6.jpg'><img loading=\"lazy\" width=\"300\" height=\"234\" src=\"https:\/\/barbana.si\/wp-content\/uploads\/2018\/04\/slavina-2008-6-300x234.jpg\" class=\"attachment-medium size-medium\" alt=\"\" srcset=\"https:\/\/barbana.si\/wp-content\/uploads\/2018\/04\/slavina-2008-6-300x234.jpg 300w, https:\/\/barbana.si\/wp-content\/uploads\/2018\/04\/slavina-2008-6-766x600.jpg 766w, https:\/\/barbana.si\/wp-content\/uploads\/2018\/04\/slavina-2008-6.jpg 769w\" sizes=\"(max-width: 300px) 100vw, 300px\" \/><\/a>\n\t\t\t<\/div><\/figure><figure class='gallery-item'>\n\t\t\t<div class='gallery-icon landscape'>\n\t\t\t\t<a href='https:\/\/barbana.si\/wp-content\/uploads\/2018\/04\/slavina-lipizzaner-2008-1.jpg'><img loading=\"lazy\" width=\"300\" height=\"200\" src=\"https:\/\/barbana.si\/wp-content\/uploads\/2018\/04\/slavina-lipizzaner-2008-1-300x200.jpg\" class=\"attachment-medium size-medium\" alt=\"\" srcset=\"https:\/\/barbana.si\/wp-content\/uploads\/2018\/04\/slavina-lipizzaner-2008-1-300x200.jpg 300w, https:\/\/barbana.si\/wp-content\/uploads\/2018\/04\/slavina-lipizzaner-2008-1-768x511.jpg 768w, https:\/\/barbana.si\/wp-content\/uploads\/2018\/04\/slavina-lipizzaner-2008-1.jpg 800w\" sizes=\"(max-width: 300px) 100vw, 300px\" \/><\/a>\n\t\t\t<\/div><\/figure><figure class='gallery-item'>\n\t\t\t<div class='gallery-icon landscape'>\n\t\t\t\t<a href='https:\/\/barbana.si\/wp-content\/uploads\/2018\/04\/slavina-lipizzaner-2008-2.jpg'><img loading=\"lazy\" width=\"300\" height=\"200\" src=\"https:\/\/barbana.si\/wp-content\/uploads\/2018\/04\/slavina-lipizzaner-2008-2-300x200.jpg\" class=\"attachment-medium size-medium\" alt=\"\" srcset=\"https:\/\/barbana.si\/wp-content\/uploads\/2018\/04\/slavina-lipizzaner-2008-2-300x200.jpg 300w, https:\/\/barbana.si\/wp-content\/uploads\/2018\/04\/slavina-lipizzaner-2008-2-768x511.jpg 768w, https:\/\/barbana.si\/wp-content\/uploads\/2018\/04\/slavina-lipizzaner-2008-2.jpg 800w\" sizes=\"(max-width: 300px) 100vw, 300px\" \/><\/a>\n\t\t\t<\/div><\/figure>\n\t\t<\/div>\n\n","protected":false},"excerpt":{"rendered":"<p>Am Sonntag wurden im Gest\u00fct Lipica Jungstuten f\u00fcr die Registrierung ins Lipizzaner-Stammbuch bewertet und ausgemustert. Ebenso wurde die Leistungspr\u00fcfung durchgef\u00fchrt&#8230;.<\/p>\n","protected":false},"author":1,"featured_media":33055,"comment_status":"open","ping_status":"open","sticky":false,"template":"single-fullwidth.php","format":"standard","meta":{"footnotes":""},"categories":[44],"tags":[],"class_list":{"0":"post-3568","1":"post","2":"type-post","3":"status-publish","4":"format-standard","5":"has-post-thumbnail","7":"category-neuigkeiten"},"yoast_head":"<!-- This site is optimized with the Yoast SEO plugin v27.1.1 - https:\/\/yoast.com\/product\/yoast-seo-wordpress\/ -->\n<title>Leistungspr\u00fcfung der Stuten - Barbana<\/title>\n<meta name=\"robots\" content=\"index, follow, max-snippet:-1, max-image-preview:large, max-video-preview:-1\" \/>\n<link rel=\"canonical\" href=\"https:\/\/barbana.si\/de\/leistungspruefung-der-stuten\/\" \/>\n<meta property=\"og:locale\" content=\"de_DE\" \/>\n<meta property=\"og:type\" content=\"article\" \/>\n<meta property=\"og:title\" content=\"Leistungspr\u00fcfung der Stuten - Barbana\" \/>\n<meta property=\"og:description\" content=\"Am Sonntag wurden im Gest\u00fct Lipica Jungstuten f\u00fcr die Registrierung ins Lipizzaner-Stammbuch bewertet und ausgemustert. Ebenso wurde die Leistungspr\u00fcfung durchgef\u00fchrt....\" \/>\n<meta property=\"og:url\" content=\"https:\/\/barbana.si\/de\/leistungspruefung-der-stuten\/\" \/>\n<meta property=\"og:site_name\" content=\"Barbana\" \/>\n<meta property=\"article:publisher\" content=\"https:\/\/www.facebook.com\/lipizzanerbarbana.slovenija\" \/>\n<meta property=\"article:published_time\" content=\"2015-10-31T10:56:53+00:00\" \/>\n<meta property=\"article:modified_time\" content=\"2026-03-16T10:56:55+00:00\" \/>\n<meta property=\"og:image\" content=\"https:\/\/barbana.si\/wp-content\/uploads\/2018\/04\/slavina-2008-4.jpg\" \/>\n\t<meta property=\"og:image:width\" content=\"800\" \/>\n\t<meta property=\"og:image:height\" content=\"546\" \/>\n\t<meta property=\"og:image:type\" content=\"image\/jpeg\" \/>\n<meta name=\"author\" content=\"admin\" \/>\n<meta name=\"twitter:card\" content=\"summary_large_image\" \/>\n<meta name=\"twitter:label1\" content=\"Verfasst von\" \/>\n\t<meta name=\"twitter:data1\" content=\"admin\" \/>\n<script type=\"application\/ld+json\" class=\"yoast-schema-graph\">{\"@context\":\"https:\/\/schema.org\",\"@graph\":[{\"@type\":\"Article\",\"@id\":\"https:\/\/barbana.si\/de\/leistungspruefung-der-stuten\/#article\",\"isPartOf\":{\"@id\":\"https:\/\/barbana.si\/de\/leistungspruefung-der-stuten\/\"},\"author\":{\"name\":\"admin\",\"@id\":\"https:\/\/barbana.si\/de\/#\/schema\/person\/b54b2970ac1d63c999c0149813ec2a8c\"},\"headline\":\"Leistungspr\u00fcfung der Stuten\",\"datePublished\":\"2015-10-31T10:56:53+00:00\",\"dateModified\":\"2026-03-16T10:56:55+00:00\",\"mainEntityOfPage\":{\"@id\":\"https:\/\/barbana.si\/de\/leistungspruefung-der-stuten\/\"},\"wordCount\":64,\"commentCount\":0,\"publisher\":{\"@id\":\"https:\/\/barbana.si\/de\/#organization\"},\"image\":{\"@id\":\"https:\/\/barbana.si\/de\/leistungspruefung-der-stuten\/#primaryimage\"},\"thumbnailUrl\":\"https:\/\/barbana.si\/wp-content\/uploads\/2018\/04\/slavina-2008-4.jpg\",\"articleSection\":[\"Neuigkeiten\"],\"inLanguage\":\"de\",\"potentialAction\":[{\"@type\":\"CommentAction\",\"name\":\"Comment\",\"target\":[\"https:\/\/barbana.si\/de\/leistungspruefung-der-stuten\/#respond\"]}]},{\"@type\":\"WebPage\",\"@id\":\"https:\/\/barbana.si\/de\/leistungspruefung-der-stuten\/\",\"url\":\"https:\/\/barbana.si\/de\/leistungspruefung-der-stuten\/\",\"name\":\"Leistungspr\u00fcfung der Stuten - Barbana\",\"isPartOf\":{\"@id\":\"https:\/\/barbana.si\/de\/#website\"},\"primaryImageOfPage\":{\"@id\":\"https:\/\/barbana.si\/de\/leistungspruefung-der-stuten\/#primaryimage\"},\"image\":{\"@id\":\"https:\/\/barbana.si\/de\/leistungspruefung-der-stuten\/#primaryimage\"},\"thumbnailUrl\":\"https:\/\/barbana.si\/wp-content\/uploads\/2018\/04\/slavina-2008-4.jpg\",\"datePublished\":\"2015-10-31T10:56:53+00:00\",\"dateModified\":\"2026-03-16T10:56:55+00:00\",\"breadcrumb\":{\"@id\":\"https:\/\/barbana.si\/de\/leistungspruefung-der-stuten\/#breadcrumb\"},\"inLanguage\":\"de\",\"potentialAction\":[{\"@type\":\"ReadAction\",\"target\":[\"https:\/\/barbana.si\/de\/leistungspruefung-der-stuten\/\"]}]},{\"@type\":\"ImageObject\",\"inLanguage\":\"de\",\"@id\":\"https:\/\/barbana.si\/de\/leistungspruefung-der-stuten\/#primaryimage\",\"url\":\"https:\/\/barbana.si\/wp-content\/uploads\/2018\/04\/slavina-2008-4.jpg\",\"contentUrl\":\"https:\/\/barbana.si\/wp-content\/uploads\/2018\/04\/slavina-2008-4.jpg\",\"width\":800,\"height\":546},{\"@type\":\"BreadcrumbList\",\"@id\":\"https:\/\/barbana.si\/de\/leistungspruefung-der-stuten\/#breadcrumb\",\"itemListElement\":[{\"@type\":\"ListItem\",\"position\":1,\"name\":\"Home\",\"item\":\"https:\/\/barbana.si\/de\/\"},{\"@type\":\"ListItem\",\"position\":2,\"name\":\"Leistungspr\u00fcfung der Stuten\"}]},{\"@type\":\"WebSite\",\"@id\":\"https:\/\/barbana.si\/de\/#website\",\"url\":\"https:\/\/barbana.si\/de\/\",\"name\":\"Barbana vzrejna hi\u0161a lipicancev\",\"description\":\"Vzrejna hi\u0161a Lipicancev\",\"publisher\":{\"@id\":\"https:\/\/barbana.si\/de\/#organization\"},\"potentialAction\":[{\"@type\":\"SearchAction\",\"target\":{\"@type\":\"EntryPoint\",\"urlTemplate\":\"https:\/\/barbana.si\/de\/?s={search_term_string}\"},\"query-input\":{\"@type\":\"PropertyValueSpecification\",\"valueRequired\":true,\"valueName\":\"search_term_string\"}}],\"inLanguage\":\"de\"},{\"@type\":\"Organization\",\"@id\":\"https:\/\/barbana.si\/de\/#organization\",\"name\":\"Barbana\",\"url\":\"https:\/\/barbana.si\/de\/\",\"logo\":{\"@type\":\"ImageObject\",\"inLanguage\":\"de\",\"@id\":\"https:\/\/barbana.si\/de\/#\/schema\/logo\/image\/\",\"url\":\"https:\/\/barbana.si\/wp-content\/uploads\/2026\/01\/barbana_logo.png\",\"contentUrl\":\"https:\/\/barbana.si\/wp-content\/uploads\/2026\/01\/barbana_logo.png\",\"width\":429,\"height\":167,\"caption\":\"Barbana\"},\"image\":{\"@id\":\"https:\/\/barbana.si\/de\/#\/schema\/logo\/image\/\"},\"sameAs\":[\"https:\/\/www.facebook.com\/lipizzanerbarbana.slovenija\"]},{\"@type\":\"Person\",\"@id\":\"https:\/\/barbana.si\/de\/#\/schema\/person\/b54b2970ac1d63c999c0149813ec2a8c\",\"name\":\"admin\",\"image\":{\"@type\":\"ImageObject\",\"inLanguage\":\"de\",\"@id\":\"https:\/\/barbana.si\/de\/#\/schema\/person\/image\/\",\"url\":\"https:\/\/barbana.si\/wp-content\/litespeed\/avatar\/7917cfe676afa45def1618b8a11a79bc.jpg?ver=1777364522\",\"contentUrl\":\"https:\/\/barbana.si\/wp-content\/litespeed\/avatar\/7917cfe676afa45def1618b8a11a79bc.jpg?ver=1777364522\",\"caption\":\"admin\"},\"sameAs\":[\"https:\/\/barbana.si\/new\"],\"url\":\"https:\/\/barbana.si\/de\/author\/admin\/\"}]}<\/script>\n<!-- \/ Yoast SEO plugin. -->","yoast_head_json":{"title":"Leistungspr\u00fcfung der Stuten - Barbana","robots":{"index":"index","follow":"follow","max-snippet":"max-snippet:-1","max-image-preview":"max-image-preview:large","max-video-preview":"max-video-preview:-1"},"canonical":"https:\/\/barbana.si\/de\/leistungspruefung-der-stuten\/","og_locale":"de_DE","og_type":"article","og_title":"Leistungspr\u00fcfung der Stuten - Barbana","og_description":"Am Sonntag wurden im Gest\u00fct Lipica Jungstuten f\u00fcr die Registrierung ins Lipizzaner-Stammbuch bewertet und ausgemustert. Ebenso wurde die Leistungspr\u00fcfung durchgef\u00fchrt....","og_url":"https:\/\/barbana.si\/de\/leistungspruefung-der-stuten\/","og_site_name":"Barbana","article_publisher":"https:\/\/www.facebook.com\/lipizzanerbarbana.slovenija","article_published_time":"2015-10-31T10:56:53+00:00","article_modified_time":"2026-03-16T10:56:55+00:00","og_image":[{"width":800,"height":546,"url":"https:\/\/barbana.si\/wp-content\/uploads\/2018\/04\/slavina-2008-4.jpg","type":"image\/jpeg"}],"author":"admin","twitter_card":"summary_large_image","twitter_misc":{"Verfasst von":"admin"},"schema":{"@context":"https:\/\/schema.org","@graph":[{"@type":"Article","@id":"https:\/\/barbana.si\/de\/leistungspruefung-der-stuten\/#article","isPartOf":{"@id":"https:\/\/barbana.si\/de\/leistungspruefung-der-stuten\/"},"author":{"name":"admin","@id":"https:\/\/barbana.si\/de\/#\/schema\/person\/b54b2970ac1d63c999c0149813ec2a8c"},"headline":"Leistungspr\u00fcfung der Stuten","datePublished":"2015-10-31T10:56:53+00:00","dateModified":"2026-03-16T10:56:55+00:00","mainEntityOfPage":{"@id":"https:\/\/barbana.si\/de\/leistungspruefung-der-stuten\/"},"wordCount":64,"commentCount":0,"publisher":{"@id":"https:\/\/barbana.si\/de\/#organization"},"image":{"@id":"https:\/\/barbana.si\/de\/leistungspruefung-der-stuten\/#primaryimage"},"thumbnailUrl":"https:\/\/barbana.si\/wp-content\/uploads\/2018\/04\/slavina-2008-4.jpg","articleSection":["Neuigkeiten"],"inLanguage":"de","potentialAction":[{"@type":"CommentAction","name":"Comment","target":["https:\/\/barbana.si\/de\/leistungspruefung-der-stuten\/#respond"]}]},{"@type":"WebPage","@id":"https:\/\/barbana.si\/de\/leistungspruefung-der-stuten\/","url":"https:\/\/barbana.si\/de\/leistungspruefung-der-stuten\/","name":"Leistungspr\u00fcfung der Stuten - Barbana","isPartOf":{"@id":"https:\/\/barbana.si\/de\/#website"},"primaryImageOfPage":{"@id":"https:\/\/barbana.si\/de\/leistungspruefung-der-stuten\/#primaryimage"},"image":{"@id":"https:\/\/barbana.si\/de\/leistungspruefung-der-stuten\/#primaryimage"},"thumbnailUrl":"https:\/\/barbana.si\/wp-content\/uploads\/2018\/04\/slavina-2008-4.jpg","datePublished":"2015-10-31T10:56:53+00:00","dateModified":"2026-03-16T10:56:55+00:00","breadcrumb":{"@id":"https:\/\/barbana.si\/de\/leistungspruefung-der-stuten\/#breadcrumb"},"inLanguage":"de","potentialAction":[{"@type":"ReadAction","target":["https:\/\/barbana.si\/de\/leistungspruefung-der-stuten\/"]}]},{"@type":"ImageObject","inLanguage":"de","@id":"https:\/\/barbana.si\/de\/leistungspruefung-der-stuten\/#primaryimage","url":"https:\/\/barbana.si\/wp-content\/uploads\/2018\/04\/slavina-2008-4.jpg","contentUrl":"https:\/\/barbana.si\/wp-content\/uploads\/2018\/04\/slavina-2008-4.jpg","width":800,"height":546},{"@type":"BreadcrumbList","@id":"https:\/\/barbana.si\/de\/leistungspruefung-der-stuten\/#breadcrumb","itemListElement":[{"@type":"ListItem","position":1,"name":"Home","item":"https:\/\/barbana.si\/de\/"},{"@type":"ListItem","position":2,"name":"Leistungspr\u00fcfung der Stuten"}]},{"@type":"WebSite","@id":"https:\/\/barbana.si\/de\/#website","url":"https:\/\/barbana.si\/de\/","name":"Barbana vzrejna hi\u0161a lipicancev","description":"Vzrejna hi\u0161a Lipicancev","publisher":{"@id":"https:\/\/barbana.si\/de\/#organization"},"potentialAction":[{"@type":"SearchAction","target":{"@type":"EntryPoint","urlTemplate":"https:\/\/barbana.si\/de\/?s={search_term_string}"},"query-input":{"@type":"PropertyValueSpecification","valueRequired":true,"valueName":"search_term_string"}}],"inLanguage":"de"},{"@type":"Organization","@id":"https:\/\/barbana.si\/de\/#organization","name":"Barbana","url":"https:\/\/barbana.si\/de\/","logo":{"@type":"ImageObject","inLanguage":"de","@id":"https:\/\/barbana.si\/de\/#\/schema\/logo\/image\/","url":"https:\/\/barbana.si\/wp-content\/uploads\/2026\/01\/barbana_logo.png","contentUrl":"https:\/\/barbana.si\/wp-content\/uploads\/2026\/01\/barbana_logo.png","width":429,"height":167,"caption":"Barbana"},"image":{"@id":"https:\/\/barbana.si\/de\/#\/schema\/logo\/image\/"},"sameAs":["https:\/\/www.facebook.com\/lipizzanerbarbana.slovenija"]},{"@type":"Person","@id":"https:\/\/barbana.si\/de\/#\/schema\/person\/b54b2970ac1d63c999c0149813ec2a8c","name":"admin","image":{"@type":"ImageObject","inLanguage":"de","@id":"https:\/\/barbana.si\/de\/#\/schema\/person\/image\/","url":"https:\/\/barbana.si\/wp-content\/litespeed\/avatar\/7917cfe676afa45def1618b8a11a79bc.jpg?ver=1777364522","contentUrl":"https:\/\/barbana.si\/wp-content\/litespeed\/avatar\/7917cfe676afa45def1618b8a11a79bc.jpg?ver=1777364522","caption":"admin"},"sameAs":["https:\/\/barbana.si\/new"],"url":"https:\/\/barbana.si\/de\/author\/admin\/"}]}},"menu_order":0,"_links":{"self":[{"href":"https:\/\/barbana.si\/de\/wp-json\/wp\/v2\/posts\/3568","targetHints":{"allow":["GET"]}}],"collection":[{"href":"https:\/\/barbana.si\/de\/wp-json\/wp\/v2\/posts"}],"about":[{"href":"https:\/\/barbana.si\/de\/wp-json\/wp\/v2\/types\/post"}],"author":[{"embeddable":true,"href":"https:\/\/barbana.si\/de\/wp-json\/wp\/v2\/users\/1"}],"replies":[{"embeddable":true,"href":"https:\/\/barbana.si\/de\/wp-json\/wp\/v2\/comments?post=3568"}],"version-history":[{"count":0,"href":"https:\/\/barbana.si\/de\/wp-json\/wp\/v2\/posts\/3568\/revisions"}],"wp:featuredmedia":[{"embeddable":true,"href":"https:\/\/barbana.si\/de\/wp-json\/wp\/v2\/media\/33055"}],"wp:attachment":[{"href":"https:\/\/barbana.si\/de\/wp-json\/wp\/v2\/media?parent=3568"}],"wp:term":[{"taxonomy":"category","embeddable":true,"href":"https:\/\/barbana.si\/de\/wp-json\/wp\/v2\/categories?post=3568"},{"taxonomy":"post_tag","embeddable":true,"href":"https:\/\/barbana.si\/de\/wp-json\/wp\/v2\/tags?post=3568"}],"curies":[{"name":"wp","href":"https:\/\/api.w.org\/{rel}","templated":true}]}}