{"id":3541,"date":"2017-08-29T11:05:57","date_gmt":"2017-08-29T11:05:57","guid":{"rendered":"http:\/.si\/podelitev-priznanja-pri-vzreji\/"},"modified":"2026-03-16T10:54:13","modified_gmt":"2026-03-16T10:54:13","slug":"verleihung-der-anerkennung-fuer-zuechter","status":"publish","type":"post","link":"https:\/\/barbana.si\/de\/verleihung-der-anerkennung-fuer-zuechter\/","title":{"rendered":"Verleihung der Anerkennung f\u00fcr Z\u00fcchter"},"content":{"rendered":"<p>Das Ministerium f\u00fcr Landwirtschaft, Forstwirtschaft und Ern\u00e4hrung hat uns im Rahmen der 55. internationalen Landwirtschaftsmesse in Gornja Radgona eine Anerkennungen f\u00fcr Leistungen in der Tierzucht verliehen.<\/p>\n<p>Wir wurden ausgezeichnet f\u00fcr herausragende Leistungen in der Lipizzanerzucht.<\/p>\n<p>Dies best\u00e4tigt uns, dass unsere Zucht auf dem richtigen Weg ist. Wie werden uns auch weiterhin um eine qualit\u00e4tvolle Zucht und Aufzucht von Lipizzanern bem\u00fchen.<\/p>\n<div id='gallery-1' class='gallery galleryid-3541 gallery-columns-3 gallery-size-medium'><figure class='gallery-item'>\n\t\t\t<div class='gallery-icon portrait'>\n\t\t\t\t<a href='https:\/\/barbana.si\/wp-content\/uploads\/2018\/04\/IMG_1797.jpg'><img fetchpriority=\"high\" width=\"203\" height=\"300\" src=\"https:\/\/barbana.si\/wp-content\/uploads\/2018\/04\/IMG_1797-203x300.jpg\" class=\"attachment-medium size-medium\" alt=\"\" srcset=\"https:\/\/barbana.si\/wp-content\/uploads\/2018\/04\/IMG_1797-203x300.jpg 203w, https:\/\/barbana.si\/wp-content\/uploads\/2018\/04\/IMG_1797.jpg 520w\" sizes=\"(max-width: 203px) 100vw, 203px\" \/><\/a>\n\t\t\t<\/div><\/figure><figure class='gallery-item'>\n\t\t\t<div class='gallery-icon landscape'>\n\t\t\t\t<a href='https:\/\/barbana.si\/wp-content\/uploads\/2018\/04\/lipizzans-agra-2017-1.jpg'><img width=\"300\" height=\"200\" src=\"https:\/\/barbana.si\/wp-content\/uploads\/2018\/04\/lipizzans-agra-2017-1-300x200.jpg\" class=\"attachment-medium size-medium\" alt=\"\" srcset=\"https:\/\/barbana.si\/wp-content\/uploads\/2018\/04\/lipizzans-agra-2017-1-300x200.jpg 300w, https:\/\/barbana.si\/wp-content\/uploads\/2018\/04\/lipizzans-agra-2017-1-768x512.jpg 768w, https:\/\/barbana.si\/wp-content\/uploads\/2018\/04\/lipizzans-agra-2017-1.jpg 1024w\" sizes=\"(max-width: 300px) 100vw, 300px\" \/><\/a>\n\t\t\t<\/div><\/figure><figure class='gallery-item'>\n\t\t\t<div class='gallery-icon portrait'>\n\t\t\t\t<a href='https:\/\/barbana.si\/wp-content\/uploads\/2018\/04\/lipizzans-agra-2017-3.jpg'><img width=\"200\" height=\"300\" src=\"https:\/\/barbana.si\/wp-content\/uploads\/2018\/04\/lipizzans-agra-2017-3-200x300.jpg\" class=\"attachment-medium size-medium\" alt=\"\" srcset=\"https:\/\/barbana.si\/wp-content\/uploads\/2018\/04\/lipizzans-agra-2017-3-200x300.jpg 200w, https:\/\/barbana.si\/wp-content\/uploads\/2018\/04\/lipizzans-agra-2017-3.jpg 512w\" sizes=\"(max-width: 200px) 100vw, 200px\" \/><\/a>\n\t\t\t<\/div><\/figure><figure class='gallery-item'>\n\t\t\t<div class='gallery-icon portrait'>\n\t\t\t\t<a href='https:\/\/barbana.si\/wp-content\/uploads\/2018\/04\/lipizzans-agra-2017-4.jpg'><img loading=\"lazy\" width=\"200\" height=\"300\" src=\"https:\/\/barbana.si\/wp-content\/uploads\/2018\/04\/lipizzans-agra-2017-4-200x300.jpg\" class=\"attachment-medium size-medium\" alt=\"\" srcset=\"https:\/\/barbana.si\/wp-content\/uploads\/2018\/04\/lipizzans-agra-2017-4-200x300.jpg 200w, https:\/\/barbana.si\/wp-content\/uploads\/2018\/04\/lipizzans-agra-2017-4.jpg 512w\" sizes=\"(max-width: 200px) 100vw, 200px\" \/><\/a>\n\t\t\t<\/div><\/figure><figure class='gallery-item'>\n\t\t\t<div class='gallery-icon portrait'>\n\t\t\t\t<a href='https:\/\/barbana.si\/wp-content\/uploads\/2018\/04\/lipizzans-agra-2017-5.jpg'><img loading=\"lazy\" width=\"204\" height=\"300\" src=\"https:\/\/barbana.si\/wp-content\/uploads\/2018\/04\/lipizzans-agra-2017-5-204x300.jpg\" class=\"attachment-medium size-medium\" alt=\"\" srcset=\"https:\/\/barbana.si\/wp-content\/uploads\/2018\/04\/lipizzans-agra-2017-5-204x300.jpg 204w, https:\/\/barbana.si\/wp-content\/uploads\/2018\/04\/lipizzans-agra-2017-5.jpg 523w\" sizes=\"(max-width: 204px) 100vw, 204px\" \/><\/a>\n\t\t\t<\/div><\/figure><figure class='gallery-item'>\n\t\t\t<div class='gallery-icon landscape'>\n\t\t\t\t<a href='https:\/\/barbana.si\/wp-content\/uploads\/2018\/04\/lipizzans-agra-2017-6.jpg'><img loading=\"lazy\" width=\"300\" height=\"200\" src=\"https:\/\/barbana.si\/wp-content\/uploads\/2018\/04\/lipizzans-agra-2017-6-300x200.jpg\" class=\"attachment-medium size-medium\" alt=\"\" srcset=\"https:\/\/barbana.si\/wp-content\/uploads\/2018\/04\/lipizzans-agra-2017-6-300x200.jpg 300w, https:\/\/barbana.si\/wp-content\/uploads\/2018\/04\/lipizzans-agra-2017-6-768x512.jpg 768w, https:\/\/barbana.si\/wp-content\/uploads\/2018\/04\/lipizzans-agra-2017-6.jpg 1024w\" sizes=\"(max-width: 300px) 100vw, 300px\" \/><\/a>\n\t\t\t<\/div><\/figure><figure class='gallery-item'>\n\t\t\t<div class='gallery-icon landscape'>\n\t\t\t\t<a href='https:\/\/barbana.si\/wp-content\/uploads\/2018\/04\/lipizzans-agra-2017-7.jpg'><img loading=\"lazy\" width=\"300\" height=\"200\" src=\"https:\/\/barbana.si\/wp-content\/uploads\/2018\/04\/lipizzans-agra-2017-7-300x200.jpg\" class=\"attachment-medium size-medium\" alt=\"\" srcset=\"https:\/\/barbana.si\/wp-content\/uploads\/2018\/04\/lipizzans-agra-2017-7-300x200.jpg 300w, https:\/\/barbana.si\/wp-content\/uploads\/2018\/04\/lipizzans-agra-2017-7-768x512.jpg 768w, https:\/\/barbana.si\/wp-content\/uploads\/2018\/04\/lipizzans-agra-2017-7.jpg 1024w\" sizes=\"(max-width: 300px) 100vw, 300px\" \/><\/a>\n\t\t\t<\/div><\/figure>\n\t\t<\/div>\n\n","protected":false},"excerpt":{"rendered":"<p>Das Ministerium f\u00fcr Landwirtschaft, Forstwirtschaft und Ern\u00e4hrung hat uns im Rahmen der 55. internationalen Landwirtschaftsmesse in Gornja Radgona eine Anerkennungen&#8230;<\/p>\n","protected":false},"author":1,"featured_media":32977,"comment_status":"open","ping_status":"open","sticky":false,"template":"single-fullwidth.php","format":"standard","meta":{"footnotes":""},"categories":[44],"tags":[],"class_list":{"0":"post-3541","1":"post","2":"type-post","3":"status-publish","4":"format-standard","5":"has-post-thumbnail","7":"category-neuigkeiten"},"yoast_head":"<!-- This site is optimized with the Yoast SEO plugin v27.1.1 - https:\/\/yoast.com\/product\/yoast-seo-wordpress\/ -->\n<title>Verleihung der Anerkennung f\u00fcr Z\u00fcchter - Barbana<\/title>\n<meta name=\"robots\" content=\"index, follow, max-snippet:-1, max-image-preview:large, max-video-preview:-1\" \/>\n<link rel=\"canonical\" href=\"https:\/\/barbana.si\/de\/verleihung-der-anerkennung-fuer-zuechter\/\" \/>\n<meta property=\"og:locale\" content=\"de_DE\" \/>\n<meta property=\"og:type\" content=\"article\" \/>\n<meta property=\"og:title\" content=\"Verleihung der Anerkennung f\u00fcr Z\u00fcchter - Barbana\" \/>\n<meta property=\"og:description\" content=\"Das Ministerium f\u00fcr Landwirtschaft, Forstwirtschaft und Ern\u00e4hrung hat uns im Rahmen der 55. internationalen Landwirtschaftsmesse in Gornja Radgona eine Anerkennungen...\" \/>\n<meta property=\"og:url\" content=\"https:\/\/barbana.si\/de\/verleihung-der-anerkennung-fuer-zuechter\/\" \/>\n<meta property=\"og:site_name\" content=\"Barbana\" \/>\n<meta property=\"article:publisher\" content=\"https:\/\/www.facebook.com\/lipizzanerbarbana.slovenija\" \/>\n<meta property=\"article:published_time\" content=\"2017-08-29T11:05:57+00:00\" \/>\n<meta property=\"article:modified_time\" content=\"2026-03-16T10:54:13+00:00\" \/>\n<meta property=\"og:image\" content=\"https:\/\/barbana.si\/wp-content\/uploads\/2018\/04\/lipizzans-agra-2017-1.jpg\" \/>\n\t<meta property=\"og:image:width\" content=\"1024\" \/>\n\t<meta property=\"og:image:height\" content=\"683\" \/>\n\t<meta property=\"og:image:type\" content=\"image\/jpeg\" \/>\n<meta name=\"author\" content=\"admin\" \/>\n<meta name=\"twitter:card\" content=\"summary_large_image\" \/>\n<meta name=\"twitter:label1\" content=\"Verfasst von\" \/>\n\t<meta name=\"twitter:data1\" content=\"admin\" \/>\n<script type=\"application\/ld+json\" class=\"yoast-schema-graph\">{\"@context\":\"https:\/\/schema.org\",\"@graph\":[{\"@type\":\"Article\",\"@id\":\"https:\/\/barbana.si\/de\/verleihung-der-anerkennung-fuer-zuechter\/#article\",\"isPartOf\":{\"@id\":\"https:\/\/barbana.si\/de\/verleihung-der-anerkennung-fuer-zuechter\/\"},\"author\":{\"name\":\"admin\",\"@id\":\"https:\/\/barbana.si\/de\/#\/schema\/person\/b54b2970ac1d63c999c0149813ec2a8c\"},\"headline\":\"Verleihung der Anerkennung f\u00fcr Z\u00fcchter\",\"datePublished\":\"2017-08-29T11:05:57+00:00\",\"dateModified\":\"2026-03-16T10:54:13+00:00\",\"mainEntityOfPage\":{\"@id\":\"https:\/\/barbana.si\/de\/verleihung-der-anerkennung-fuer-zuechter\/\"},\"wordCount\":79,\"commentCount\":0,\"publisher\":{\"@id\":\"https:\/\/barbana.si\/de\/#organization\"},\"image\":{\"@id\":\"https:\/\/barbana.si\/de\/verleihung-der-anerkennung-fuer-zuechter\/#primaryimage\"},\"thumbnailUrl\":\"https:\/\/barbana.si\/wp-content\/uploads\/2018\/04\/lipizzans-agra-2017-1.jpg\",\"articleSection\":[\"Neuigkeiten\"],\"inLanguage\":\"de\",\"potentialAction\":[{\"@type\":\"CommentAction\",\"name\":\"Comment\",\"target\":[\"https:\/\/barbana.si\/de\/verleihung-der-anerkennung-fuer-zuechter\/#respond\"]}]},{\"@type\":\"WebPage\",\"@id\":\"https:\/\/barbana.si\/de\/verleihung-der-anerkennung-fuer-zuechter\/\",\"url\":\"https:\/\/barbana.si\/de\/verleihung-der-anerkennung-fuer-zuechter\/\",\"name\":\"Verleihung der Anerkennung f\u00fcr Z\u00fcchter - Barbana\",\"isPartOf\":{\"@id\":\"https:\/\/barbana.si\/de\/#website\"},\"primaryImageOfPage\":{\"@id\":\"https:\/\/barbana.si\/de\/verleihung-der-anerkennung-fuer-zuechter\/#primaryimage\"},\"image\":{\"@id\":\"https:\/\/barbana.si\/de\/verleihung-der-anerkennung-fuer-zuechter\/#primaryimage\"},\"thumbnailUrl\":\"https:\/\/barbana.si\/wp-content\/uploads\/2018\/04\/lipizzans-agra-2017-1.jpg\",\"datePublished\":\"2017-08-29T11:05:57+00:00\",\"dateModified\":\"2026-03-16T10:54:13+00:00\",\"breadcrumb\":{\"@id\":\"https:\/\/barbana.si\/de\/verleihung-der-anerkennung-fuer-zuechter\/#breadcrumb\"},\"inLanguage\":\"de\",\"potentialAction\":[{\"@type\":\"ReadAction\",\"target\":[\"https:\/\/barbana.si\/de\/verleihung-der-anerkennung-fuer-zuechter\/\"]}]},{\"@type\":\"ImageObject\",\"inLanguage\":\"de\",\"@id\":\"https:\/\/barbana.si\/de\/verleihung-der-anerkennung-fuer-zuechter\/#primaryimage\",\"url\":\"https:\/\/barbana.si\/wp-content\/uploads\/2018\/04\/lipizzans-agra-2017-1.jpg\",\"contentUrl\":\"https:\/\/barbana.si\/wp-content\/uploads\/2018\/04\/lipizzans-agra-2017-1.jpg\",\"width\":1024,\"height\":683},{\"@type\":\"BreadcrumbList\",\"@id\":\"https:\/\/barbana.si\/de\/verleihung-der-anerkennung-fuer-zuechter\/#breadcrumb\",\"itemListElement\":[{\"@type\":\"ListItem\",\"position\":1,\"name\":\"Home\",\"item\":\"https:\/\/barbana.si\/de\/\"},{\"@type\":\"ListItem\",\"position\":2,\"name\":\"Verleihung der Anerkennung f\u00fcr Z\u00fcchter\"}]},{\"@type\":\"WebSite\",\"@id\":\"https:\/\/barbana.si\/de\/#website\",\"url\":\"https:\/\/barbana.si\/de\/\",\"name\":\"Barbana vzrejna hi\u0161a lipicancev\",\"description\":\"Vzrejna hi\u0161a Lipicancev\",\"publisher\":{\"@id\":\"https:\/\/barbana.si\/de\/#organization\"},\"potentialAction\":[{\"@type\":\"SearchAction\",\"target\":{\"@type\":\"EntryPoint\",\"urlTemplate\":\"https:\/\/barbana.si\/de\/?s={search_term_string}\"},\"query-input\":{\"@type\":\"PropertyValueSpecification\",\"valueRequired\":true,\"valueName\":\"search_term_string\"}}],\"inLanguage\":\"de\"},{\"@type\":\"Organization\",\"@id\":\"https:\/\/barbana.si\/de\/#organization\",\"name\":\"Barbana\",\"url\":\"https:\/\/barbana.si\/de\/\",\"logo\":{\"@type\":\"ImageObject\",\"inLanguage\":\"de\",\"@id\":\"https:\/\/barbana.si\/de\/#\/schema\/logo\/image\/\",\"url\":\"https:\/\/barbana.si\/wp-content\/uploads\/2026\/01\/barbana_logo.png\",\"contentUrl\":\"https:\/\/barbana.si\/wp-content\/uploads\/2026\/01\/barbana_logo.png\",\"width\":429,\"height\":167,\"caption\":\"Barbana\"},\"image\":{\"@id\":\"https:\/\/barbana.si\/de\/#\/schema\/logo\/image\/\"},\"sameAs\":[\"https:\/\/www.facebook.com\/lipizzanerbarbana.slovenija\"]},{\"@type\":\"Person\",\"@id\":\"https:\/\/barbana.si\/de\/#\/schema\/person\/b54b2970ac1d63c999c0149813ec2a8c\",\"name\":\"admin\",\"image\":{\"@type\":\"ImageObject\",\"inLanguage\":\"de\",\"@id\":\"https:\/\/barbana.si\/de\/#\/schema\/person\/image\/\",\"url\":\"https:\/\/barbana.si\/wp-content\/litespeed\/avatar\/7917cfe676afa45def1618b8a11a79bc.jpg?ver=1777364522\",\"contentUrl\":\"https:\/\/barbana.si\/wp-content\/litespeed\/avatar\/7917cfe676afa45def1618b8a11a79bc.jpg?ver=1777364522\",\"caption\":\"admin\"},\"sameAs\":[\"https:\/\/barbana.si\/new\"],\"url\":\"https:\/\/barbana.si\/de\/author\/admin\/\"}]}<\/script>\n<!-- \/ Yoast SEO plugin. -->","yoast_head_json":{"title":"Verleihung der Anerkennung f\u00fcr Z\u00fcchter - Barbana","robots":{"index":"index","follow":"follow","max-snippet":"max-snippet:-1","max-image-preview":"max-image-preview:large","max-video-preview":"max-video-preview:-1"},"canonical":"https:\/\/barbana.si\/de\/verleihung-der-anerkennung-fuer-zuechter\/","og_locale":"de_DE","og_type":"article","og_title":"Verleihung der Anerkennung f\u00fcr Z\u00fcchter - Barbana","og_description":"Das Ministerium f\u00fcr Landwirtschaft, Forstwirtschaft und Ern\u00e4hrung hat uns im Rahmen der 55. internationalen Landwirtschaftsmesse in Gornja Radgona eine Anerkennungen...","og_url":"https:\/\/barbana.si\/de\/verleihung-der-anerkennung-fuer-zuechter\/","og_site_name":"Barbana","article_publisher":"https:\/\/www.facebook.com\/lipizzanerbarbana.slovenija","article_published_time":"2017-08-29T11:05:57+00:00","article_modified_time":"2026-03-16T10:54:13+00:00","og_image":[{"width":1024,"height":683,"url":"https:\/\/barbana.si\/wp-content\/uploads\/2018\/04\/lipizzans-agra-2017-1.jpg","type":"image\/jpeg"}],"author":"admin","twitter_card":"summary_large_image","twitter_misc":{"Verfasst von":"admin"},"schema":{"@context":"https:\/\/schema.org","@graph":[{"@type":"Article","@id":"https:\/\/barbana.si\/de\/verleihung-der-anerkennung-fuer-zuechter\/#article","isPartOf":{"@id":"https:\/\/barbana.si\/de\/verleihung-der-anerkennung-fuer-zuechter\/"},"author":{"name":"admin","@id":"https:\/\/barbana.si\/de\/#\/schema\/person\/b54b2970ac1d63c999c0149813ec2a8c"},"headline":"Verleihung der Anerkennung f\u00fcr Z\u00fcchter","datePublished":"2017-08-29T11:05:57+00:00","dateModified":"2026-03-16T10:54:13+00:00","mainEntityOfPage":{"@id":"https:\/\/barbana.si\/de\/verleihung-der-anerkennung-fuer-zuechter\/"},"wordCount":79,"commentCount":0,"publisher":{"@id":"https:\/\/barbana.si\/de\/#organization"},"image":{"@id":"https:\/\/barbana.si\/de\/verleihung-der-anerkennung-fuer-zuechter\/#primaryimage"},"thumbnailUrl":"https:\/\/barbana.si\/wp-content\/uploads\/2018\/04\/lipizzans-agra-2017-1.jpg","articleSection":["Neuigkeiten"],"inLanguage":"de","potentialAction":[{"@type":"CommentAction","name":"Comment","target":["https:\/\/barbana.si\/de\/verleihung-der-anerkennung-fuer-zuechter\/#respond"]}]},{"@type":"WebPage","@id":"https:\/\/barbana.si\/de\/verleihung-der-anerkennung-fuer-zuechter\/","url":"https:\/\/barbana.si\/de\/verleihung-der-anerkennung-fuer-zuechter\/","name":"Verleihung der Anerkennung f\u00fcr Z\u00fcchter - Barbana","isPartOf":{"@id":"https:\/\/barbana.si\/de\/#website"},"primaryImageOfPage":{"@id":"https:\/\/barbana.si\/de\/verleihung-der-anerkennung-fuer-zuechter\/#primaryimage"},"image":{"@id":"https:\/\/barbana.si\/de\/verleihung-der-anerkennung-fuer-zuechter\/#primaryimage"},"thumbnailUrl":"https:\/\/barbana.si\/wp-content\/uploads\/2018\/04\/lipizzans-agra-2017-1.jpg","datePublished":"2017-08-29T11:05:57+00:00","dateModified":"2026-03-16T10:54:13+00:00","breadcrumb":{"@id":"https:\/\/barbana.si\/de\/verleihung-der-anerkennung-fuer-zuechter\/#breadcrumb"},"inLanguage":"de","potentialAction":[{"@type":"ReadAction","target":["https:\/\/barbana.si\/de\/verleihung-der-anerkennung-fuer-zuechter\/"]}]},{"@type":"ImageObject","inLanguage":"de","@id":"https:\/\/barbana.si\/de\/verleihung-der-anerkennung-fuer-zuechter\/#primaryimage","url":"https:\/\/barbana.si\/wp-content\/uploads\/2018\/04\/lipizzans-agra-2017-1.jpg","contentUrl":"https:\/\/barbana.si\/wp-content\/uploads\/2018\/04\/lipizzans-agra-2017-1.jpg","width":1024,"height":683},{"@type":"BreadcrumbList","@id":"https:\/\/barbana.si\/de\/verleihung-der-anerkennung-fuer-zuechter\/#breadcrumb","itemListElement":[{"@type":"ListItem","position":1,"name":"Home","item":"https:\/\/barbana.si\/de\/"},{"@type":"ListItem","position":2,"name":"Verleihung der Anerkennung f\u00fcr Z\u00fcchter"}]},{"@type":"WebSite","@id":"https:\/\/barbana.si\/de\/#website","url":"https:\/\/barbana.si\/de\/","name":"Barbana vzrejna hi\u0161a lipicancev","description":"Vzrejna hi\u0161a Lipicancev","publisher":{"@id":"https:\/\/barbana.si\/de\/#organization"},"potentialAction":[{"@type":"SearchAction","target":{"@type":"EntryPoint","urlTemplate":"https:\/\/barbana.si\/de\/?s={search_term_string}"},"query-input":{"@type":"PropertyValueSpecification","valueRequired":true,"valueName":"search_term_string"}}],"inLanguage":"de"},{"@type":"Organization","@id":"https:\/\/barbana.si\/de\/#organization","name":"Barbana","url":"https:\/\/barbana.si\/de\/","logo":{"@type":"ImageObject","inLanguage":"de","@id":"https:\/\/barbana.si\/de\/#\/schema\/logo\/image\/","url":"https:\/\/barbana.si\/wp-content\/uploads\/2026\/01\/barbana_logo.png","contentUrl":"https:\/\/barbana.si\/wp-content\/uploads\/2026\/01\/barbana_logo.png","width":429,"height":167,"caption":"Barbana"},"image":{"@id":"https:\/\/barbana.si\/de\/#\/schema\/logo\/image\/"},"sameAs":["https:\/\/www.facebook.com\/lipizzanerbarbana.slovenija"]},{"@type":"Person","@id":"https:\/\/barbana.si\/de\/#\/schema\/person\/b54b2970ac1d63c999c0149813ec2a8c","name":"admin","image":{"@type":"ImageObject","inLanguage":"de","@id":"https:\/\/barbana.si\/de\/#\/schema\/person\/image\/","url":"https:\/\/barbana.si\/wp-content\/litespeed\/avatar\/7917cfe676afa45def1618b8a11a79bc.jpg?ver=1777364522","contentUrl":"https:\/\/barbana.si\/wp-content\/litespeed\/avatar\/7917cfe676afa45def1618b8a11a79bc.jpg?ver=1777364522","caption":"admin"},"sameAs":["https:\/\/barbana.si\/new"],"url":"https:\/\/barbana.si\/de\/author\/admin\/"}]}},"menu_order":0,"_links":{"self":[{"href":"https:\/\/barbana.si\/de\/wp-json\/wp\/v2\/posts\/3541","targetHints":{"allow":["GET"]}}],"collection":[{"href":"https:\/\/barbana.si\/de\/wp-json\/wp\/v2\/posts"}],"about":[{"href":"https:\/\/barbana.si\/de\/wp-json\/wp\/v2\/types\/post"}],"author":[{"embeddable":true,"href":"https:\/\/barbana.si\/de\/wp-json\/wp\/v2\/users\/1"}],"replies":[{"embeddable":true,"href":"https:\/\/barbana.si\/de\/wp-json\/wp\/v2\/comments?post=3541"}],"version-history":[{"count":0,"href":"https:\/\/barbana.si\/de\/wp-json\/wp\/v2\/posts\/3541\/revisions"}],"wp:featuredmedia":[{"embeddable":true,"href":"https:\/\/barbana.si\/de\/wp-json\/wp\/v2\/media\/32977"}],"wp:attachment":[{"href":"https:\/\/barbana.si\/de\/wp-json\/wp\/v2\/media?parent=3541"}],"wp:term":[{"taxonomy":"category","embeddable":true,"href":"https:\/\/barbana.si\/de\/wp-json\/wp\/v2\/categories?post=3541"},{"taxonomy":"post_tag","embeddable":true,"href":"https:\/\/barbana.si\/de\/wp-json\/wp\/v2\/tags?post=3541"}],"curies":[{"name":"wp","href":"https:\/\/api.w.org\/{rel}","templated":true}]}}